{"id":1459,"date":"2020-06-02T10:30:14","date_gmt":"2020-06-02T09:30:14","guid":{"rendered":"https:\/\/venues-london.co.uk\/covid-19-recovery-could-make-industry-even-stronger-says-qeii-centre-chief-executive\/"},"modified":"2025-11-19T16:09:17","modified_gmt":"2025-11-19T16:09:17","slug":"la-recuperacion-de-la-covid-19-podria-fortalecer-aun-mas-la-industria-afirma-el-director-ejecutivo-del-centro-qeii","status":"publish","type":"post","link":"https:\/\/venues-london.co.uk\/es\/covid-19-recovery-could-make-industry-even-stronger-says-qeii-centre-chief-executive\/","title":{"rendered":"La recuperaci\u00f3n tras la COVID-19 podr\u00eda fortalecer a\u00fan m\u00e1s al sector, afirma el director ejecutivo del Centro QEII."},"content":{"rendered":"<p>Mark Taylor, director ejecutivo de la <a href=\"https:\/\/venues-london.co.uk\/es\/lugares\/the-qeii-centre\/\">Centro QEII<\/a>, Recientemente, habl\u00f3 en exclusiva con M&amp;IT sobre c\u00f3mo cree que la recuperaci\u00f3n del sector de reuniones y eventos empresariales tras el impacto de la Covid-19 podr\u00eda hacer que se fortalezca a\u00fan m\u00e1s\u2026<\/p>\n<p><strong>Como dijo Alan Watts: \u201cLa \u00fanica manera de comprender el cambio es sumergirse en \u00e9l, dejarse llevar por \u00e9l y unirse a la danza\u201d.\u201d<\/strong><\/p>\n<p>Creo que este concepto ser\u00e1 aplicable al sector empresarial y de eventos si se pretende que tenga \u00e9xito. La COVID-19 ya ha impuesto cambios en nuestras organizaciones, y debemos comprender estos cambios y adaptarnos mientras planificamos nuestro regreso.<\/p>\n<p>Lo que resulta evidente es que la situaci\u00f3n cambia r\u00e1pidamente. Lo que parec\u00eda probable hace seis semanas ahora parece improbable. Por consiguiente, los planes de todos \u2014tanto de los organizadores como de los recintos\u2014 est\u00e1n en constante evoluci\u00f3n. Esto dificulta la planificaci\u00f3n, pero podemos empezar.<\/p>\n<p>Las asociaciones de reuniones y eventos, los gremios, los organizadores y los recintos de todo el mundo est\u00e1n estudiando las medidas que deber\u00edan aplicar a sus operaciones tras la COVID-19. AIPC acaba de publicar una Gu\u00eda de Buenas Pr\u00e1cticas para la reapertura, mientras que UFI ha publicado un Marco Global para la reapertura de exposiciones y eventos comerciales B2B; ambos se basan en la vasta experiencia de sus miembros a nivel mundial.<\/p>\n<p>&nbsp;<\/p>\n<h3>Nueva realidad<\/h3>\n<p><a href=\"https:\/\/qeiicentre.london\/\" target=\"_blank\" rel=\"noopener\">Centro QEII<\/a>\u00a0Ya hemos recorrido un camino interesante con la Covid-19. Creo que fuimos el primer lugar del Reino Unido en tener un delegado que asistiera a un evento.\u00a0<a href=\"http:\/\/mitmagazine.co.uk\/news\/qeii-centre-delegates-warned-after-coronavirus-scare\/\" target=\"_blank\" rel=\"noopener\">a principios de febrero<\/a>, a quien posteriormente se le diagnostic\u00f3 el virus unos d\u00edas despu\u00e9s.<\/p>\n<p>A mediados de febrero implementamos una serie de medidas: se instalaron dispensadores de gel desinfectante para manos en todas las entradas, pisos y salas de reuniones, y se aument\u00f3 la frecuencia de la limpieza.<\/p>\n<p>Este nuevo requisito de higiene se convertir\u00e1, a corto plazo, en una nueva realidad, y cuando el sector vuelva a abrir, la salud y la seguridad \u2014garantizar que los entornos de los clientes sean seguros y que los organizadores y los asistentes conf\u00eden en nuestras medidas\u2014 ser\u00e1n clave para el \u00e9xito.<\/p>\n<p>Hemos revisado medidas y equipos adicionales, incluidos esc\u00e1neres t\u00e9rmicos para medir la temperatura corporal de cualquier persona que ingrese al recinto; desinfecci\u00f3n de habitaciones, muebles y equipos seg\u00fan los est\u00e1ndares hospitalarios; pantallas protectoras contra estornudos para los mostradores de recepci\u00f3n y registro, y un cat\u00e1logo de otras medidas operativas y se\u00f1alizaci\u00f3n que est\u00e1n listas para implementarse cuando recibamos la autorizaci\u00f3n.<\/p>\n<p>Al igual que otros establecimientos, tambi\u00e9n hemos evaluado nuestras salas de reuniones desde la perspectiva del distanciamiento social. Sabemos que esto reducir\u00e1 el aforo, pero la gran inc\u00f3gnita es qu\u00e9 medidas se aplicar\u00e1n: \u00bf1, 1,5 o 2 metros? Algunos opinan que, para oto\u00f1o, el distanciamiento social obligatorio podr\u00eda dejar de ser aplicable, as\u00ed que tendremos que esperar y ver.<\/p>\n<p>&nbsp;<\/p>\n<h3>Modelo h\u00edbrido<\/h3>\n<p>Un aspecto que inevitablemente se convertir\u00e1 en la &quot;nueva normalidad&quot; para los eventos, especialmente aquellos que suelen recibir a delegados internacionales, es el modelo h\u00edbrido, donde algunos delegados pueden asistir presencialmente mientras que otros lo hacen en l\u00ednea. Al igual que otras organizaciones, QEII prev\u00e9, y ya est\u00e1 planificando, la expansi\u00f3n de su infraestructura audiovisual interna, y ha creado paquetes para eventos que ofrecen conectividad virtual y transmisi\u00f3n en directo de los eventos de sus clientes. En este momento, es dif\u00edcil predecir hasta qu\u00e9 punto el modelo h\u00edbrido se convertir\u00e1 en la nueva normalidad y por cu\u00e1nto tiempo.<\/p>\n<p>Hemos visto c\u00f3mo algunas organizaciones han sustituido todos sus eventos presenciales por digitales, mientras que otras insisten en que la transmisi\u00f3n en directo no formar\u00e1 parte de su f\u00f3rmula, ya que consideran fundamental el contacto cara a cara. Resulta alentador observar el enfoque progresivo que diferentes ciudades y pa\u00edses han adoptado para la recuperaci\u00f3n econ\u00f3mica, en funci\u00f3n del momento y la gravedad del impacto del virus en su regi\u00f3n.<\/p>\n<p>Me han entusiasmado mucho las noticias de recuperaci\u00f3n en otros lugares. La gran feria de electr\u00f3nica de consumo y electrodom\u00e9sticos de Berl\u00edn, la IFA, se celebrar\u00e1 en septiembre, y M\u00fanich dar\u00e1 comienzo a sus ferias comerciales ese mismo mes; Par\u00eds empezar\u00e1 con eventos m\u00e1s peque\u00f1os en junio y julio y con eventos m\u00e1s grandes a partir de septiembre, mientras que Finlandia celebrar\u00e1 algunos eventos en junio y julio, y un programa m\u00e1s completo en agosto.<\/p>\n<p>&nbsp;<\/p>\n<h3>Esto augura una buena recuperaci\u00f3n.<\/h3>\n<p>Mientras tanto, Austria ha implementado nuevos l\u00edmites m\u00e1ximos de aforo para eventos, estableciendo un m\u00e1ximo de 100 personas a partir del 1 de junio, que aumentar\u00e1 a 250 personas el 1 de julio y a 500 personas el 1 de agosto. Todo esto resulta prometedor para el sector, tanto en el Reino Unido como a nivel mundial, y ofrece a aquellos pa\u00edses que se encuentran en una fase ligeramente posterior de la curva de impacto de la COVID-19, valiosas lecciones, orientaci\u00f3n y optimismo.<\/p>\n<p>Si bien los recintos de todo el mundo y nuestros clientes est\u00e1n planificando medidas de higiene reforzadas, a\u00fan no podemos estar completamente seguros de su eficacia, especialmente dado el evidente desfase temporal en la transmisi\u00f3n del virus. Por lo tanto, parece obvio que el concepto de eventos organizados donde se realiza el seguimiento, la localizaci\u00f3n y la verificaci\u00f3n de los asistentes es sin duda una estrategia positiva para que el sector de eventos empresariales inicie su recuperaci\u00f3n. Alemania, Australia y Malasia se encuentran entre los pa\u00edses que han adoptado este principio, y organizadores y recintos de otros pa\u00edses, incluido el Reino Unido, est\u00e1n presionando para que se adopte el mismo enfoque.<\/p>\n<p>Todos estos factores deben tenerse en cuenta al planificar la reapertura del sector, pero, sobre todo, creo que es fundamental que el sector colabore para garantizar su \u00e9xito futuro. Los recintos deben trabajar de forma proactiva con los organizadores de eventos, adoptando un enfoque de colaboraci\u00f3n m\u00e1s s\u00f3lido.<\/p>\n<p>Todos nos necesitamos mutuamente para prosperar, pero para ello es fundamental que todas las partes act\u00faen con transparencia y equidad en todos los \u00e1mbitos de la cadena de suministro. Si logramos adaptarnos a estas nuevas medidas y formas de trabajar, mantenernos \u00e1giles y responder a las actualizaciones, ser flexibles para atender las necesidades de todos y apoyarnos entre nosotros, creo que no solo reconstruiremos con \u00e9xito el sector, sino que tendremos el potencial de fortalecerlo a\u00fan m\u00e1s.<\/p>","protected":false},"excerpt":{"rendered":"<p>Mark Taylor, chief executive of the QEII Centre, recently spoke exclusively to M&#038;IT about how he feels the business meetings and events industry\u2019s recovery from the impact of Covid-19, could see it become even stronger\u2026<\/p>","protected":false},"author":2,"featured_media":0,"comment_status":"open","ping_status":"open","sticky":false,"template":"","format":"standard","meta":{"_acf_changed":false,"inline_featured_image":false,"footnotes":""},"categories":[5],"tags":[],"class_list":["post-1459","post","type-post","status-publish","format-standard","hentry","category-uncategorised"],"acf":[],"_links":{"self":[{"href":"https:\/\/venues-london.co.uk\/es\/wp-json\/wp\/v2\/posts\/1459","targetHints":{"allow":["GET"]}}],"collection":[{"href":"https:\/\/venues-london.co.uk\/es\/wp-json\/wp\/v2\/posts"}],"about":[{"href":"https:\/\/venues-london.co.uk\/es\/wp-json\/wp\/v2\/types\/post"}],"author":[{"embeddable":true,"href":"https:\/\/venues-london.co.uk\/es\/wp-json\/wp\/v2\/users\/2"}],"replies":[{"embeddable":true,"href":"https:\/\/venues-london.co.uk\/es\/wp-json\/wp\/v2\/comments?post=1459"}],"version-history":[{"count":0,"href":"https:\/\/venues-london.co.uk\/es\/wp-json\/wp\/v2\/posts\/1459\/revisions"}],"wp:attachment":[{"href":"https:\/\/venues-london.co.uk\/es\/wp-json\/wp\/v2\/media?parent=1459"}],"wp:term":[{"taxonomy":"category","embeddable":true,"href":"https:\/\/venues-london.co.uk\/es\/wp-json\/wp\/v2\/categories?post=1459"},{"taxonomy":"post_tag","embeddable":true,"href":"https:\/\/venues-london.co.uk\/es\/wp-json\/wp\/v2\/tags?post=1459"}],"curies":[{"name":"wp","href":"https:\/\/api.w.org\/{rel}","templated":true}]}}