{"id":1601,"date":"2021-08-18T16:46:25","date_gmt":"2021-08-18T15:46:25","guid":{"rendered":"https:\/\/venues-london.co.uk\/qeii-joins-welcome-united-nations-green-celebrations\/"},"modified":"2025-11-24T15:03:08","modified_gmt":"2025-11-24T15:03:08","slug":"qeii-se-joint-aux-celebrations-vertes-des-nations-unies","status":"publish","type":"post","link":"https:\/\/venues-london.co.uk\/fr\/qeii-joins-welcome-united-nations-green-celebrations\/","title":{"rendered":"La reine Elizabeth II se joint aux c\u00e9l\u00e9brations \u2018 Bienvenue aux Nations Unies vertes \u2019"},"content":{"rendered":"<p><a href=\"https:\/\/qeiicentre.london\/\" target=\"_blank\" rel=\"noopener\"><span data-contrast=\"none\">Le Centre QEII<\/span><\/a><span data-contrast=\"auto\">\u00a0se joindront aux diplomates de l&#039;ambassade pour c\u00e9l\u00e9brer l&#039;arriv\u00e9e du drapeau vert des Nations Unies plus tard ce mois-ci.\u00a0\u00a0\u00a0<\/span><span data-ccp-props=\"{&quot;201341983&quot;:0,&quot;335559739&quot;:160,&quot;335559740&quot;:256}\">\u00a0<\/span><\/p>\n<p><span data-contrast=\"auto\">Broad Sanctuary Green, la pelouse situ\u00e9e \u00e0 l&#039;avant du principal centre de conf\u00e9rences et d&#039;\u00e9v\u00e9nements de Londres, a \u00e9t\u00e9 rebaptis\u00e9e \u2018 United Nations Green \u2019 lors d&#039;une c\u00e9r\u00e9monie virtuelle en janvier, en hommage permanent aux 75 ans des Nations Unies (ONU).\u00a0<\/span><span data-ccp-props=\"{&quot;201341983&quot;:0,&quot;335559739&quot;:160,&quot;335559740&quot;:257}\">\u00a0<\/span><\/p>\n<p><span data-contrast=\"none\">Pour c\u00e9l\u00e9brer l&#039;arriv\u00e9e de l&#039;\u00c9trange \u00cele des Nations Unies, l&#039;Association des Nations Unies de Westminster organise une r\u00e9ception le samedi 21 ao\u00fbt de 12h \u00e0 17h30. Les visiteurs seront invit\u00e9s \u00e0 accueillir ce nouvel embl\u00e8me et \u00e0 se faire photographier devant la plus grande banni\u00e8re du monde comm\u00e9morant le 75e anniversaire de l&#039;ONU.<\/span><span data-contrast=\"none\">th<\/span><span data-contrast=\"none\">\u00a0anniversaire, sur lequel seront plant\u00e9s les drapeaux des 193 \u00c9tats membres.\u00a0<\/span><span data-ccp-props=\"{&quot;201341983&quot;:0,&quot;335559739&quot;:160,&quot;335559740&quot;:240}\">\u00a0<\/span><\/p>\n<p><span data-contrast=\"none\">Pour c\u00e9l\u00e9brer le lieu exact de la premi\u00e8re r\u00e9union de l&#039;ONU en 1946, des animations seront propos\u00e9es, notamment de la musique en direct, des rafra\u00eechissements (avec des tasses de th\u00e9 offertes par la reine \u00c9lisabeth II \u00e0 l&#039;occasion du lancement), un l\u00e2cher de colombes de la paix \u00e0 15h, ainsi que des activit\u00e9s familiales, dont un \u2018<\/span><span data-contrast=\"auto\">Attention au r\u00e9chauffement climatique !\u2019<\/span><span data-contrast=\"auto\">\u00a0<\/span><span data-contrast=\"none\">Une marelle et un parcours d&#039;aventure seront propos\u00e9s. Le Central Hall Westminster ouvrira \u00e9galement ses portes aux visiteurs souhaitant consulter le proc\u00e8s-verbal historique de la premi\u00e8re Assembl\u00e9e g\u00e9n\u00e9rale des Nations Unies, tenue le 10 janvier 1946, ainsi que d&#039;autres objets comm\u00e9moratifs.<\/span><span data-ccp-props=\"{&quot;201341983&quot;:0,&quot;335559739&quot;:160,&quot;335559740&quot;:240}\">\u00a0<\/span><\/p>\n<p><span data-contrast=\"none\">Cet \u00e9v\u00e9nement comm\u00e9moratif soulignera le r\u00f4le du Royaume-Uni dans la fondation de l&#039;ONU, qui a n\u00e9goci\u00e9 172 accords de paix ayant mis fin \u00e0 des conflits et plus de 300 trait\u00e9s internationaux, allant des conventions relatives aux droits de l&#039;homme aux accords sur l&#039;utilisation de l&#039;espace extra-atmosph\u00e9rique, le commerce des armes et les oc\u00e9ans.\u00a0<\/span><span data-ccp-props=\"{&quot;201341983&quot;:0,&quot;335559739&quot;:160,&quot;335559740&quot;:240}\">\u00a0<\/span><\/p>\n<p><span data-contrast=\"auto\">Le directeur g\u00e9n\u00e9ral du Centre QEII, Mark Taylor, a d\u00e9clar\u00e9 : \u201c Nous sommes ravis de soutenir les comm\u00e9morations du 75e anniversaire de l&#039;ONU. \u00bb<\/span><span data-contrast=\"auto\">th<\/span><span data-contrast=\"auto\">\u00a0c\u00e9l\u00e9brations d&#039;anniversaire. Ayant accueilli\u00a0<\/span><span data-contrast=\"none\">de nombreux \u00e9v\u00e9nements internationaux de premier plan pendant plus de trois d\u00e9cennies, notamment\u00a0<\/span><span data-contrast=\"auto\">Le Centre QEII est ravi de se joindre aux diplomates de l&#039;ambassade lors de la r\u00e9union des chefs de gouvernement du Commonwealth en 2018 et de l&#039;Assembl\u00e9e parlementaire de l&#039;OTAN en 2019.\u201d\u00a0\u00a0<\/span><span data-ccp-props=\"{&quot;201341983&quot;:0,&quot;335559739&quot;:160,&quot;335559740&quot;:240}\">\u00a0<\/span><\/p>\n<p><span data-contrast=\"none\">Pour en savoir plus et vous inscrire \u00e0 cet \u00e9v\u00e9nement gratuit, rendez-vous sur\u00a0:\u00a0<\/span><a href=\"https:\/\/www.eventbrite.co.uk\/e\/its-the-welcome-united-nations-green-party-join-us-tickets-160416707691\" target=\"_blank\" rel=\"noopener\"><span data-contrast=\"none\">https:\/\/www.eventbrite.co.uk\/e\/its-the-welcome-united-nations-green-party-join-us-tickets-160416707691<\/span><\/a><span data-ccp-props=\"{&quot;201341983&quot;:0,&quot;335559739&quot;:160,&quot;335559740&quot;:240}\">\u00a0<\/span><\/p>","protected":false},"excerpt":{"rendered":"<p>Le Centre QEII se joindra aux diplomates de l&#039;ambassade pour c\u00e9l\u00e9brer l&#039;arriv\u00e9e du Drapeau vert des Nations Unies plus tard ce mois-ci.\u00a0<\/p>","protected":false},"author":2,"featured_media":1602,"comment_status":"open","ping_status":"open","sticky":false,"template":"","format":"standard","meta":{"_acf_changed":false,"inline_featured_image":false,"footnotes":""},"categories":[5],"tags":[],"class_list":["post-1601","post","type-post","status-publish","format-standard","has-post-thumbnail","hentry","category-uncategorised"],"acf":[],"_links":{"self":[{"href":"https:\/\/venues-london.co.uk\/fr\/wp-json\/wp\/v2\/posts\/1601","targetHints":{"allow":["GET"]}}],"collection":[{"href":"https:\/\/venues-london.co.uk\/fr\/wp-json\/wp\/v2\/posts"}],"about":[{"href":"https:\/\/venues-london.co.uk\/fr\/wp-json\/wp\/v2\/types\/post"}],"author":[{"embeddable":true,"href":"https:\/\/venues-london.co.uk\/fr\/wp-json\/wp\/v2\/users\/2"}],"replies":[{"embeddable":true,"href":"https:\/\/venues-london.co.uk\/fr\/wp-json\/wp\/v2\/comments?post=1601"}],"version-history":[{"count":0,"href":"https:\/\/venues-london.co.uk\/fr\/wp-json\/wp\/v2\/posts\/1601\/revisions"}],"wp:featuredmedia":[{"embeddable":true,"href":"https:\/\/venues-london.co.uk\/fr\/wp-json\/wp\/v2\/media\/1602"}],"wp:attachment":[{"href":"https:\/\/venues-london.co.uk\/fr\/wp-json\/wp\/v2\/media?parent=1601"}],"wp:term":[{"taxonomy":"category","embeddable":true,"href":"https:\/\/venues-london.co.uk\/fr\/wp-json\/wp\/v2\/categories?post=1601"},{"taxonomy":"post_tag","embeddable":true,"href":"https:\/\/venues-london.co.uk\/fr\/wp-json\/wp\/v2\/tags?post=1601"}],"curies":[{"name":"wp","href":"https:\/\/api.w.org\/{rel}","templated":true}]}}